{"id":2707,"date":"2022-04-15T16:35:25","date_gmt":"2022-04-15T14:35:25","guid":{"rendered":"https:\/\/ffw-hoehenkirchen.de\/?p=2430"},"modified":"2024-02-17T15:27:08","modified_gmt":"2024-02-17T15:27:08","slug":"fahrzeugweihe-florian-hoehenkirchen-11-1","status":"publish","type":"post","link":"https:\/\/www.feuerwehr-hoehenkirchen.de\/index.php\/2022\/04\/15\/fahrzeugweihe-florian-hoehenkirchen-11-1\/","title":{"rendered":"Fahrzeugweihe &#8220;Florian H\u00f6henkirchen 11\/1&#8221;"},"content":{"rendered":"\n<p>Letztes Jahr, um genau zu sein am 17. Juli 2021 konnten wir ein neues Mehrzweckfahrzeug mit dem Rufnamen \u201e<strong><em>Florian H\u00f6henkirchen 11\/1<\/em><\/strong>\u201c beim Hersteller abholen und mit Stolz in seine neue Heimat in der Altlaufstra\u00dfe 99 \u00fcberf\u00fchren.<\/p>\n\n\n\n<p>Nachdem unser neues Fahrzeug seit diesem Tag bereits einige Eins\u00e4tze ohne Schaden \u00fcberstanden hat, freuen wir uns sehr, unserem neuen &#8220;Elfer&#8221; nun auch den kirchlichen Segen zukommen zu lassen und den Fahrzeugschl\u00fcssel offiziell von unserer 1. B\u00fcrgermeisterin in Empfang zu nehmen.&nbsp;<\/p>\n\n\n\n<p>Wenn Sie an der Fahrzeugweihe teilnehmen m\u00f6chten, freuen wir uns \u00fcber Ihren Besuch<\/p>\n\n\n\n<h2 class=\"wp-block-heading\"><strong><span class=\"has-inline-color has-vivid-red-color\">am 7. Mai 2022 um 14.00 Uhr beim Maibaum in H\u00f6henkirchen.<\/span><\/strong><\/h2>\n\n\n\n<p><\/p>\n\n\n\n<p>&nbsp;&nbsp;&nbsp;&nbsp;&nbsp;&nbsp;&nbsp;&nbsp;&nbsp;&nbsp;&nbsp;&nbsp;&nbsp;&nbsp;&nbsp;&nbsp;&nbsp;&nbsp;&nbsp;&nbsp;&nbsp;&nbsp;&nbsp;&nbsp;&nbsp;&nbsp;&nbsp;&nbsp;&nbsp;&nbsp;&nbsp;&nbsp;&nbsp;&nbsp;&nbsp;&nbsp;&nbsp;&nbsp;&nbsp;&nbsp;&nbsp;&nbsp;&nbsp;&nbsp;&nbsp;&nbsp;&nbsp;&nbsp;&nbsp;&nbsp;&nbsp;&nbsp;&nbsp;&nbsp;&nbsp;&nbsp;&nbsp;&nbsp;&nbsp;&nbsp;&nbsp;&nbsp;&nbsp;&nbsp;&nbsp;&nbsp;&nbsp;&nbsp;&nbsp;&nbsp;&nbsp;&nbsp;&nbsp;&nbsp;&nbsp;&nbsp;&nbsp;&nbsp;&nbsp;&nbsp;&nbsp;&nbsp;&nbsp;&nbsp;&nbsp;&nbsp;&nbsp;&nbsp;&nbsp;&nbsp;&nbsp;&nbsp;&nbsp;&nbsp;&nbsp;&nbsp;&nbsp;&nbsp;&nbsp;&nbsp;&nbsp;&nbsp;&nbsp;&nbsp;&nbsp;&nbsp;&nbsp;&nbsp;&nbsp;&nbsp;&nbsp;&nbsp;&nbsp;&nbsp;&nbsp;&nbsp;&nbsp; Robert Loborec<\/p>\n\n\n\n<figure class=\"wp-block-image size-large\"><img loading=\"lazy\" decoding=\"async\" width=\"1024\" height=\"768\" src=\"https:\/\/www.feuerwehrhoehenkirchen.de\/wp-content\/uploads\/2022\/04\/221896959_3714898395277385_5801842990362367988_n-1024x768.jpg\" alt=\"\" class=\"wp-image-2788\" srcset=\"https:\/\/www.feuerwehr-hoehenkirchen.de\/wp-content\/uploads\/2022\/04\/221896959_3714898395277385_5801842990362367988_n-1024x768.jpg 1024w, https:\/\/www.feuerwehr-hoehenkirchen.de\/wp-content\/uploads\/2022\/04\/221896959_3714898395277385_5801842990362367988_n-300x225.jpg 300w, https:\/\/www.feuerwehr-hoehenkirchen.de\/wp-content\/uploads\/2022\/04\/221896959_3714898395277385_5801842990362367988_n-768x576.jpg 768w, https:\/\/www.feuerwehr-hoehenkirchen.de\/wp-content\/uploads\/2022\/04\/221896959_3714898395277385_5801842990362367988_n-1536x1152.jpg 1536w, https:\/\/www.feuerwehr-hoehenkirchen.de\/wp-content\/uploads\/2022\/04\/221896959_3714898395277385_5801842990362367988_n.jpg 1600w\" sizes=\"(max-width: 1024px) 100vw, 1024px\" \/><\/figure>\n","protected":false},"excerpt":{"rendered":"<p>Letztes Jahr, um genau zu sein am 17. Juli 2021 konnten wir ein neues Mehrzweckfahrzeug [&hellip;]<\/p>\n","protected":false},"author":2,"featured_media":2868,"comment_status":"closed","ping_status":"open","sticky":false,"template":"","format":"standard","meta":{"footnotes":""},"categories":[3,6],"tags":[],"class_list":["post-2707","post","type-post","status-publish","format-standard","has-post-thumbnail","hentry","category-home","category-news"],"rttpg_featured_image_url":{"full":["https:\/\/www.feuerwehr-hoehenkirchen.de\/wp-content\/uploads\/2024\/02\/IMG_2660-scaled-1.jpg",2560,1920,false],"landscape":["https:\/\/www.feuerwehr-hoehenkirchen.de\/wp-content\/uploads\/2024\/02\/IMG_2660-scaled-1.jpg",2560,1920,false],"portraits":["https:\/\/www.feuerwehr-hoehenkirchen.de\/wp-content\/uploads\/2024\/02\/IMG_2660-scaled-1.jpg",2560,1920,false],"thumbnail":["https:\/\/www.feuerwehr-hoehenkirchen.de\/wp-content\/uploads\/2024\/02\/IMG_2660-scaled-1-150x150.jpg",150,150,true],"medium":["https:\/\/www.feuerwehr-hoehenkirchen.de\/wp-content\/uploads\/2024\/02\/IMG_2660-scaled-1-300x225.jpg",300,225,true],"large":["https:\/\/www.feuerwehr-hoehenkirchen.de\/wp-content\/uploads\/2024\/02\/IMG_2660-scaled-1-1024x768.jpg",640,480,true],"1536x1536":["https:\/\/www.feuerwehr-hoehenkirchen.de\/wp-content\/uploads\/2024\/02\/IMG_2660-scaled-1-1536x1152.jpg",1536,1152,true],"2048x2048":["https:\/\/www.feuerwehr-hoehenkirchen.de\/wp-content\/uploads\/2024\/02\/IMG_2660-scaled-1-2048x1536.jpg",2048,1536,true]},"rttpg_author":{"display_name":"Max Buchner","author_link":"https:\/\/www.feuerwehr-hoehenkirchen.de\/index.php\/author\/mbuchner\/"},"rttpg_comment":0,"rttpg_category":"<a href=\"https:\/\/www.feuerwehr-hoehenkirchen.de\/index.php\/category\/home\/\" rel=\"category tag\">Allgemein<\/a> <a href=\"https:\/\/www.feuerwehr-hoehenkirchen.de\/index.php\/category\/news\/\" rel=\"category tag\">News<\/a>","rttpg_excerpt":"Letztes Jahr, um genau zu sein am 17. Juli 2021 konnten wir ein neues Mehrzweckfahrzeug [&hellip;]","_links":{"self":[{"href":"https:\/\/www.feuerwehr-hoehenkirchen.de\/index.php\/wp-json\/wp\/v2\/posts\/2707"}],"collection":[{"href":"https:\/\/www.feuerwehr-hoehenkirchen.de\/index.php\/wp-json\/wp\/v2\/posts"}],"about":[{"href":"https:\/\/www.feuerwehr-hoehenkirchen.de\/index.php\/wp-json\/wp\/v2\/types\/post"}],"author":[{"embeddable":true,"href":"https:\/\/www.feuerwehr-hoehenkirchen.de\/index.php\/wp-json\/wp\/v2\/users\/2"}],"replies":[{"embeddable":true,"href":"https:\/\/www.feuerwehr-hoehenkirchen.de\/index.php\/wp-json\/wp\/v2\/comments?post=2707"}],"version-history":[{"count":1,"href":"https:\/\/www.feuerwehr-hoehenkirchen.de\/index.php\/wp-json\/wp\/v2\/posts\/2707\/revisions"}],"predecessor-version":[{"id":2966,"href":"https:\/\/www.feuerwehr-hoehenkirchen.de\/index.php\/wp-json\/wp\/v2\/posts\/2707\/revisions\/2966"}],"wp:featuredmedia":[{"embeddable":true,"href":"https:\/\/www.feuerwehr-hoehenkirchen.de\/index.php\/wp-json\/wp\/v2\/media\/2868"}],"wp:attachment":[{"href":"https:\/\/www.feuerwehr-hoehenkirchen.de\/index.php\/wp-json\/wp\/v2\/media?parent=2707"}],"wp:term":[{"taxonomy":"category","embeddable":true,"href":"https:\/\/www.feuerwehr-hoehenkirchen.de\/index.php\/wp-json\/wp\/v2\/categories?post=2707"},{"taxonomy":"post_tag","embeddable":true,"href":"https:\/\/www.feuerwehr-hoehenkirchen.de\/index.php\/wp-json\/wp\/v2\/tags?post=2707"}],"curies":[{"name":"wp","href":"https:\/\/api.w.org\/{rel}","templated":true}]}}